{"id":1,"date":"2025-04-24T10:53:53","date_gmt":"2025-04-24T10:53:53","guid":{"rendered":"http:\/\/who-cared.com\/?p=1"},"modified":"2026-03-23T13:50:07","modified_gmt":"2026-03-23T13:50:07","slug":"fr-24-april-2026-humboldt-forum-berlin","status":"publish","type":"post","link":"https:\/\/who-cared.com\/en\/2025\/04\/24\/fr-24-april-2026-humboldt-forum-berlin\/","title":{"rendered":"Fr 24. April 2026: Humboldt-Forum Berlin"},"content":{"rendered":"<section class=\"l-section wpb_row height_auto\"><div class=\"l-section-h i-cf\"><div class=\"g-cols vc_row via_grid cols_1 laptops-cols_inherit tablets-cols_inherit mobiles-cols_1 valign_top type_default stacking_default\"><div class=\"wpb_column vc_column_container\"><div class=\"vc_column-inner\"><div class=\"wpb_text_column\"><div class=\"wpb_wrapper\"><p>Nach der erfolgreichen Er\u00f6ffnung der Ausstellung<span>\u00a0<\/span><em>Beziehungsweise Familie<\/em><span>\u00a0<\/span>bleibt WHO CARED weiterhin Teil der Schau \u2013 mit zwei Video-Interviews \u00fcber Care-Migration und famili\u00e4re Verbundenheit \u00fcber Generationen hinweg.<\/p>\n<p>Zum Jahresauftakt sind wir nun beim SP\u00c4TI zu Gast: In entspannter Atmosph\u00e4re laden wir zu einem Gespr\u00e4ch \u00fcber Care-Migration aus Forschungs- und Community-Perspektive ein \u2013 und zu einem besonderen Dialog zwischen Mutter und Kind.<\/p>\n<p>Im Anschluss wird passender Sound aufgelegt \u2013 Zeit f\u00fcr Begegnung und Austausch bei Getr\u00e4nken im Foyer.<\/p>\n<p>Das SP\u00c4TI ist ein offener Ort f\u00fcr spontane Begegnungen, ungew\u00f6hnliche Ideen und Austausch nach Feierabend \u2013 ganz ohne Anmeldung und kostenfrei.<\/p>\n<p>Weitere Details folgen in K\u00fcrze.<\/p>\n<\/div><\/div><div class=\"w-separator size_medium\"><\/div><div class=\"w-btn-wrapper align_none\"><a class=\"w-btn us-btn-style_1\" target=\"_blank\" href=\"https:\/\/www.humboldtforum.org\/de\/programm\/termin\/gespraech\/who-cared-generationen-gespraeche-ueber-heimat-und-care-migration-156341\/\"><span class=\"w-btn-label\">Mehr erfahren<\/span><\/a><\/div><\/div><\/div><\/div><\/div><\/section>","protected":false},"excerpt":{"rendered":"Nach der erfolgreichen Er\u00f6ffnung der Ausstellung\u00a0Beziehungsweise Familie\u00a0bleibt WHO CARED weiterhin Teil der Schau \u2013 mit zwei Video-Interviews \u00fcber Care-Migration und famili\u00e4re Verbundenheit \u00fcber Generationen hinweg. Zum Jahresauftakt sind wir nun beim SP\u00c4TI zu Gast: In entspannter Atmosph\u00e4re laden wir zu einem Gespr\u00e4ch \u00fcber Care-Migration aus Forschungs- und Community-Perspektive ein \u2013 und zu einem besonderen Dialog...","protected":false},"author":1,"featured_media":1290,"comment_status":"closed","ping_status":"closed","sticky":false,"template":"","format":"standard","meta":{"_acf_changed":false,"footnotes":""},"categories":[5],"tags":[],"class_list":["post-1","post","type-post","status-publish","format-standard","has-post-thumbnail","hentry","category-events"],"acf":[],"_links":{"self":[{"href":"https:\/\/who-cared.com\/en\/wp-json\/wp\/v2\/posts\/1","targetHints":{"allow":["GET"]}}],"collection":[{"href":"https:\/\/who-cared.com\/en\/wp-json\/wp\/v2\/posts"}],"about":[{"href":"https:\/\/who-cared.com\/en\/wp-json\/wp\/v2\/types\/post"}],"author":[{"embeddable":true,"href":"https:\/\/who-cared.com\/en\/wp-json\/wp\/v2\/users\/1"}],"replies":[{"embeddable":true,"href":"https:\/\/who-cared.com\/en\/wp-json\/wp\/v2\/comments?post=1"}],"version-history":[{"count":8,"href":"https:\/\/who-cared.com\/en\/wp-json\/wp\/v2\/posts\/1\/revisions"}],"predecessor-version":[{"id":1284,"href":"https:\/\/who-cared.com\/en\/wp-json\/wp\/v2\/posts\/1\/revisions\/1284"}],"wp:featuredmedia":[{"embeddable":true,"href":"https:\/\/who-cared.com\/en\/wp-json\/wp\/v2\/media\/1290"}],"wp:attachment":[{"href":"https:\/\/who-cared.com\/en\/wp-json\/wp\/v2\/media?parent=1"}],"wp:term":[{"taxonomy":"category","embeddable":true,"href":"https:\/\/who-cared.com\/en\/wp-json\/wp\/v2\/categories?post=1"},{"taxonomy":"post_tag","embeddable":true,"href":"https:\/\/who-cared.com\/en\/wp-json\/wp\/v2\/tags?post=1"}],"curies":[{"name":"wp","href":"https:\/\/api.w.org\/{rel}","templated":true}]}}